{"id":852,"date":"2025-06-17T10:14:31","date_gmt":"2025-06-17T08:14:31","guid":{"rendered":"https:\/\/spheresdevir.ovh\/?p=852"},"modified":"2025-06-17T10:42:37","modified_gmt":"2025-06-17T08:42:37","slug":"cosmologie-de-babel","status":"publish","type":"post","link":"https:\/\/spheresdevir.ovh\/index.php\/2025\/06\/17\/cosmologie-de-babel\/","title":{"rendered":"Cosmologie de Babel"},"content":{"rendered":"\n<div class=\"wp-block-group is-nowrap is-layout-flex wp-container-core-group-is-layout-ad2f72ca wp-block-group-is-layout-flex\">\n<p>A l&#8217;origine, une cr\u00e9ature ancienne consomma, \u00e0 l\u2019abri des regards, \u00e0 travers d&#8217;innombrable protections, des entit\u00e9s \u00e9l\u00e9mentaires d&#8217;une puissance inimaginable, les corps laiss\u00e9 \u00e0 l&#8217;abandon forme le syst\u00e8me solaire de Babel. Les dieux majeurs font partie des gardiens du lieu, laiss\u00e9 \u00e0 l&#8217;abandon. Eux seul, connaissent le nom v\u00e9ritable de la cr\u00e9ature ancienne, ils savent que la seul \u00e9vocation de ce nom pourrait rappeler \u00e0 la cr\u00e9ature l&#8217;existence de ce lieu. Ils savent qu&#8217;ils seraient un met de choix pour cette sinistre entit\u00e9&#8230; Les anges originaux leur ob\u00e9issent tant qu&#8217;ils respectent le serment qui les lient au grand ancien. <\/p>\n<\/div>\n\n\n\n<div class=\"wp-block-group is-nowrap is-layout-flex wp-container-core-group-is-layout-ad2f72ca wp-block-group-is-layout-flex\">\n<p>Les dieux se mirent d&#8217;accord sur le fait que le nom v\u00e9ritable de l&#8217;entit\u00e9 ne devait \u00eatre en aucun cas \u00eatre prononc\u00e9, ce fut le premier Taboue. Il serait dor\u00e9navant appel\u00e9 Babel.<\/p>\n<\/div>\n\n\n\n<div class=\"wp-block-group is-nowrap is-layout-flex wp-container-core-group-is-layout-ad2f72ca wp-block-group-is-layout-flex\"><div class=\"wp-block-image\">\n<figure class=\"aligncenter size-full is-resized\"><img loading=\"lazy\" decoding=\"async\" width=\"401\" height=\"400\" src=\"http:\/\/spheresdevir.ovh\/wp-content\/uploads\/2025\/06\/elementaire2.jpg\" alt=\"\" class=\"wp-image-855\" style=\"width:300px\" srcset=\"https:\/\/spheresdevir.ovh\/wp-content\/uploads\/2025\/06\/elementaire2.jpg 401w, https:\/\/spheresdevir.ovh\/wp-content\/uploads\/2025\/06\/elementaire2-300x300.jpg 300w, https:\/\/spheresdevir.ovh\/wp-content\/uploads\/2025\/06\/elementaire2-150x150.jpg 150w\" sizes=\"auto, (max-width: 401px) 100vw, 401px\" \/><\/figure>\n<\/div>\n\n\n<div class=\"wp-block-group is-vertical is-content-justification-center is-layout-flex wp-container-core-group-is-layout-4b2eccd6 wp-block-group-is-layout-flex\">\n<p class=\"has-text-align-left\"><br>Afin de s&#8217;occuper les dieux, se mirent \u00e0 fa\u00e7onner et \u00e0 assembler les corps<br>laiss\u00e9 \u00e0 la d\u00e9rive des \u00e9l\u00e9mentaires, ainsi fut form\u00e9 la plan\u00e8te de Babel. <br>Les dieux en manipulant les corps \u00e9l\u00e9mentaires par magie provoqua <br>accidentellement la naissance d&#8217;entit\u00e9s \u00e9l\u00e9mentaires. La pr\u00e9sence <br>de ces \u00e9l\u00e9mentaires rendaient instable la cr\u00e9ation des dieux sur le plan r\u00e9elle. <br>Un accord fut trouv\u00e9, ces entit\u00e9s seront reconnue comme l&#8217;\u00e9gale des dieux et <br>vivront dans un plan qui leur seraient d\u00e9di\u00e9.<br><\/p>\n<\/div>\n<\/div>\n\n\n\n<div class=\"wp-block-group is-content-justification-center is-nowrap is-layout-flex wp-container-core-group-is-layout-94bc23d7 wp-block-group-is-layout-flex\">\n<p>Les dieux curieux de l&#8217;apparition des dieux \u00e9l\u00e9mentaires, <br>se sont mis \u00e0 chercher d&#8217;autres fa\u00e7on de cr\u00e9er des entit\u00e9s <br>dou\u00e9s de consciences. En se s\u00e9parant d&#8217;une partie de leur <br>puissance, il \u00e9tait possible des entit\u00e9s plus faibles que les <br>dieux, ils seront consid\u00e9r\u00e9 plus tard comme des dieux <br>mineurs. Les dieux majeurs ne voulant pas perdre en <br>puissance plus que de raison, on chercher \u00e0 cr\u00e9er des <br>entit\u00e9s avec de la mati\u00e8re et de la magie sans se s\u00e9parer <br>de leur puissance. C&#8217;est ainsi que les premiers organismes <br>de vie firent leur apparition sur le monde de Babel. Les <br>dragons furent les premi\u00e8res cr\u00e9atures vivantes dot\u00e9 <br>d&#8217;une \u00e2me, li\u00e9 \u00e0 la puissance r\u00e9siduelle des \u00e9l\u00e9mentaires, <br>leur nombre sera toujours limit\u00e9. La foi des dragons en leur <br>cr\u00e9ateur eu un effet inattendu.<\/p>\n\n\n<div class=\"wp-block-image\">\n<figure class=\"alignright size-full\"><img loading=\"lazy\" decoding=\"async\" width=\"342\" height=\"400\" src=\"http:\/\/spheresdevir.ovh\/wp-content\/uploads\/2025\/06\/elementaire.jpg\" alt=\"\" class=\"wp-image-854\" srcset=\"https:\/\/spheresdevir.ovh\/wp-content\/uploads\/2025\/06\/elementaire.jpg 342w, https:\/\/spheresdevir.ovh\/wp-content\/uploads\/2025\/06\/elementaire-257x300.jpg 257w\" sizes=\"auto, (max-width: 342px) 100vw, 342px\" \/><\/figure>\n<\/div><\/div>\n\n\n\n<div class=\"wp-block-group is-content-justification-center is-nowrap is-layout-flex wp-container-core-group-is-layout-35f56f29 wp-block-group-is-layout-flex\">\n<figure class=\"wp-block-image size-full\"><img loading=\"lazy\" decoding=\"async\" width=\"400\" height=\"440\" src=\"http:\/\/spheresdevir.ovh\/wp-content\/uploads\/2025\/06\/dragon.jpg\" alt=\"\" class=\"wp-image-857\" style=\"object-fit:cover\" srcset=\"https:\/\/spheresdevir.ovh\/wp-content\/uploads\/2025\/06\/dragon.jpg 400w, https:\/\/spheresdevir.ovh\/wp-content\/uploads\/2025\/06\/dragon-273x300.jpg 273w\" sizes=\"auto, (max-width: 400px) 100vw, 400px\" \/><\/figure>\n\n\n\n<p class=\"has-text-align-left wp-container-content-9dbf05af\">En effet, la puissance de leur cr\u00e9ateur augmentait tr\u00e8s l\u00e9g\u00e8rement tout le long de la vie du dragon, mais lorsqu&#8217;il mourrait son \u00e2me revenait au dieu, et lors de ce processus la puissance du dieu montait de fa\u00e7on notable. Les dieux ont commenc\u00e9 \u00e0 d\u00e9dier une partie de leur domaine c\u00e9leste en paradis pour leur fid\u00e8le. L\u2019int\u00e9r\u00eat de cr\u00e9er des cr\u00e9atures dot\u00e9 d&#8217;\u00e2mes devient un espoir de gagner un jour assez de puissance afin de pouvoir r\u00e9sister \u00e0 Babel. Le soucis \u00e9tant qu&#8217;une \u00e2me de dragon n\u00e9cessitait un minimum de puissance \u00e9l\u00e9mentaire ou divine pour \u00eatre cr\u00e9e. Kyrios messager des dieux, dieu \u00e9tant charg\u00e9 du maintien arcanique des d\u00e9fenses de Babel, a trouv\u00e9 une solution astucieuse.<\/p>\n<\/div>\n\n\n\n<div class=\"wp-block-group is-nowrap is-layout-flex wp-container-core-group-is-layout-64989fb1 wp-block-group-is-layout-flex\">\n<p>Il n&#8217;y avait nullement besoin qu&#8217;une cr\u00e9ature ait une \u00e2me compl\u00e8te <br>pour produire de la foi, une simple graine ayant le potentiel de <br>devenir l&#8217;\u00e9quivalente d&#8217;une \u00e2me de dragon suffisait. Il \u00e9tait <br>n\u00e9cessaire que la cr\u00e9ature soit path\u00e9tique et capable d&#8217;apprendre <br>pour comprendre le besoin de recourir \u00e0 l&#8217;assistance divine. Kyrios<br>cr\u00e9a les humains comme prototype \u00e0 son projet. Ensuite, il <br>participa \u00e0 la cr\u00e9ation des elfes avec l&#8217;aide d&#8217;Adinov, puis des nains<br>avec Kamenov. Des dieux ne disposant pas de l&#8217;assistance de Kyrios, <br>on r\u00e9ussit \u00e0 \u00e0 s&#8217;imposer dans l&#8217;esprit des mortel en cr\u00e9ant des<br>monstres pour les terroriser, et par des r\u00eaves demander des <br>sacrifices afin que pour un certain temps les monstres les ignorent.<br>Des dragons ont permis la pr\u00e9sence de communaut\u00e9 humano\u00efde <br>pr\u00e8s de leur tani\u00e8re en change de pri\u00e8res \u00e0 leur dieux cr\u00e9ateur, et <br>de pr\u00e9sents brillants. Ce f\u00fbt le d\u00e9but du jeu divin&#8230;<\/p>\n\n\n\n<figure class=\"wp-block-image size-full\"><img loading=\"lazy\" decoding=\"async\" width=\"266\" height=\"400\" src=\"http:\/\/spheresdevir.ovh\/wp-content\/uploads\/2025\/06\/humain2.jpg\" alt=\"\" class=\"wp-image-859\" srcset=\"https:\/\/spheresdevir.ovh\/wp-content\/uploads\/2025\/06\/humain2.jpg 266w, https:\/\/spheresdevir.ovh\/wp-content\/uploads\/2025\/06\/humain2-200x300.jpg 200w\" sizes=\"auto, (max-width: 266px) 100vw, 266px\" \/><\/figure>\n<\/div>\n","protected":false},"excerpt":{"rendered":"<p>A l&#8217;origine, une cr\u00e9ature ancienne consomma, \u00e0 l\u2019abri des regards, \u00e0 travers d&#8217;innombrable protections, des&hellip;<\/p>\n","protected":false},"author":2,"featured_media":861,"comment_status":"open","ping_status":"open","sticky":false,"template":"","format":"standard","meta":{"footnotes":""},"categories":[33,36,11,35],"tags":[43,48],"class_list":["post-852","post","type-post","status-publish","format-standard","has-post-thumbnail","hentry","category-babel-donjon-dragon","category-cosmologie","category-jeux-de-role","category-univers","tag-43","tag-univers"],"_links":{"self":[{"href":"https:\/\/spheresdevir.ovh\/index.php\/wp-json\/wp\/v2\/posts\/852","targetHints":{"allow":["GET"]}}],"collection":[{"href":"https:\/\/spheresdevir.ovh\/index.php\/wp-json\/wp\/v2\/posts"}],"about":[{"href":"https:\/\/spheresdevir.ovh\/index.php\/wp-json\/wp\/v2\/types\/post"}],"author":[{"embeddable":true,"href":"https:\/\/spheresdevir.ovh\/index.php\/wp-json\/wp\/v2\/users\/2"}],"replies":[{"embeddable":true,"href":"https:\/\/spheresdevir.ovh\/index.php\/wp-json\/wp\/v2\/comments?post=852"}],"version-history":[{"count":28,"href":"https:\/\/spheresdevir.ovh\/index.php\/wp-json\/wp\/v2\/posts\/852\/revisions"}],"predecessor-version":[{"id":899,"href":"https:\/\/spheresdevir.ovh\/index.php\/wp-json\/wp\/v2\/posts\/852\/revisions\/899"}],"wp:featuredmedia":[{"embeddable":true,"href":"https:\/\/spheresdevir.ovh\/index.php\/wp-json\/wp\/v2\/media\/861"}],"wp:attachment":[{"href":"https:\/\/spheresdevir.ovh\/index.php\/wp-json\/wp\/v2\/media?parent=852"}],"wp:term":[{"taxonomy":"category","embeddable":true,"href":"https:\/\/spheresdevir.ovh\/index.php\/wp-json\/wp\/v2\/categories?post=852"},{"taxonomy":"post_tag","embeddable":true,"href":"https:\/\/spheresdevir.ovh\/index.php\/wp-json\/wp\/v2\/tags?post=852"}],"curies":[{"name":"wp","href":"https:\/\/api.w.org\/{rel}","templated":true}]}}